{"id":9937,"date":"2021-01-04T08:14:42","date_gmt":"2021-01-04T07:14:42","guid":{"rendered":"https:\/\/www.lactalisingredients.com\/?post_type=blog-post&#038;p=9937"},"modified":"2026-02-23T15:38:30","modified_gmt":"2026-02-23T14:38:30","slug":"existe-t-il-un-risque-a-consommer-trop-de-proteines","status":"publish","type":"blog-post","link":"https:\/\/www.lactalisingredients.com\/fr\/news\/blog\/existe-t-il-un-risque-a-consommer-trop-de-proteines\/","title":{"rendered":"Existe-t-il un risque \u00e0 consommer trop de prot\u00e9ines ?"},"content":{"rendered":"<p><em>Les prot\u00e9ines peuvent maintenant \u00eatre trouv\u00e9es dans des cat\u00e9gories de produits tr\u00e8s vari\u00e9es. Au-del\u00e0 des sources de prot\u00e9ines animales, traditionnelles, telles que la viande, le poisson et les \u0153ufs, Les sources compl\u00e9mentaires de prot\u00e9ines constituent un secteur en pleine croissance. De plus, aujourd\u2019hui n\u2019importe quel produit peut \u00eatre enrichi en prot\u00e9ines. Alors que les consommateurs ont un app\u00e9tit croissant pour les prot\u00e9ines faut-il s\u2019inqui\u00e9ter de consommer trop de prot\u00e9ines ?<\/em><\/p>\n<h2><span style=\"text-decoration: underline;\">Pourquoi est-il important de manger des prot\u00e9ines\u00a0?<\/span><\/h2>\n<p>Les prot\u00e9ines repr\u00e9sentent une source d\u2019\u00e9nergie comme les deux autres macronutriments (lipides et glucides).<br \/>\nLes prot\u00e9ines sont compos\u00e9es d\u2019un ensemble d\u2019acides amin\u00e9s dont l\u2019ordre et la quantit\u00e9 d\u00e9termine \u00e0 la fois sa structure et sa fonction.<\/p>\n<p>Il existe vingt acides amin\u00e9s prot\u00e9og\u00e8nes, c\u2019est-\u00e0-dire qu\u2019ils sont utilis\u00e9s pour la fabrication des prot\u00e9ines.<br \/>\nParmi eux, neuf sont dits essentiels ou indispensables car l\u2019organisme ne peut les synth\u00e9tiser. Ils devront ainsi \u00eatre apport\u00e9s en quantit\u00e9 suffisante \u00e0 l\u2019organisme par l\u2019alimentation pour r\u00e9pondre aux besoins physiologiques.<br \/>\nLes autres sont dits non essentiels, l\u2019organisme \u00e9tant capable de les synth\u00e9tiser, mais peuvent le devenir dans certaines situations physiologiques ou pathologiques (croissance, cicatrisation, infection\u2026).<\/p>\n<blockquote><p>Les prot\u00e9ines ont un r\u00f4le fondamental chez l\u2019humain quelque soit le stade de d\u00e9veloppement<\/p><\/blockquote>\n<p>L\u2019organisme de l\u2019homme adulte moyen (70 kg) contient 10 \u00e0 12 kg de prot\u00e9ines dont 40 % sont localis\u00e9es dans le muscle ainsi consid\u00e9r\u00e9 comme le principal lieu de stockage.<br \/>\nCette masse prot\u00e9ique est renouvel\u00e9e \u00e0 une vitesse moyenne de 3 % du poids corporel par jour avec une variation selon le type de prot\u00e9ines. Pour exemple, elle est tr\u00e8s rapide pour les prot\u00e9ines h\u00e9patiques et tr\u00e8s faible voire nulle pour les prot\u00e9ines du cristallin.<\/p>\n<p>Il n\u2019existe pas de r\u00e9serve de prot\u00e9ines dans l\u2019organisme contrairement aux lipides par exemple. L\u2019apport alimentaire (en moyenne 10 \u00e0 20 % de la ration \u00e9nerg\u00e9tique) doit donc assurer le renouvellement des prot\u00e9ines de l\u2019organisme et la synth\u00e8se de mol\u00e9cules azot\u00e9es indispensables au fonctionnement du corps humain.<br \/>\nLes prot\u00e9ines jouent un r\u00f4le dans la plupart des fonctions physiologiques\u00a0: r\u00f4le structural (exemple le collag\u00e8ne), fonctionnel (l\u2019albumine ou insuline), r\u00f4le contractile (la myosine par exemple) ou immunitaire (exemple des immunoglobulines)\u2026 Les prot\u00e9ines participent au renouvellement des tissus musculaires, de la matrice osseuse, de la peau, des phan\u00e8res.<br \/>\nChez l\u2019Homme, la digestion et l\u2019absorption des prot\u00e9ines d\u00e9pend de la source de prot\u00e9ines. Les prot\u00e9ines de lait pr\u00e9sentent la meilleure biodisponibilit\u00e9 : 95 % des prot\u00e9ines ing\u00e9r\u00e9es \u00e9tant correctement absorb\u00e9es et assimil\u00e9es par l\u2019organisme, suivies par les prot\u00e9ines de viande (94%) et enfin les prot\u00e9ines v\u00e9g\u00e9tales (90-91%)<sup><a href=\"#_ftn1\" name=\"_ftnref1\">[1]<\/a><\/sup>.<\/p>\n<p><img loading=\"lazy\" decoding=\"async\" width=\"560\" height=\"315\" class=\"aligncenter size-full wp-image-9955\" src=\"https:\/\/www.lactalisingredients.com\/wp-content\/uploads\/2021\/01\/Surconso-Prot-Fig-1-FR-.png\" alt=\"R\u00f4le des prot\u00e9ines\" srcset=\"https:\/\/www.lactalisingredients.com\/wp-content\/uploads\/2021\/01\/Surconso-Prot-Fig-1-FR-.png 560w, https:\/\/www.lactalisingredients.com\/wp-content\/uploads\/2021\/01\/Surconso-Prot-Fig-1-FR--300x169.png 300w, https:\/\/www.lactalisingredients.com\/wp-content\/uploads\/2021\/01\/Surconso-Prot-Fig-1-FR--24x14.png 24w, https:\/\/www.lactalisingredients.com\/wp-content\/uploads\/2021\/01\/Surconso-Prot-Fig-1-FR--36x20.png 36w, https:\/\/www.lactalisingredients.com\/wp-content\/uploads\/2021\/01\/Surconso-Prot-Fig-1-FR--48x27.png 48w\" sizes=\"auto, (max-width: 560px) 100vw, 560px\" \/><\/p>\n<p style=\"text-align: center;\">Figure 1\u00a0: Le r\u00f4le des prot\u00e9ines dans l\u2019organisme<\/p>\n<p>Les prot\u00e9ines ont donc un r\u00f4le fondamental chez l\u2019humain quelque soit le stade de d\u00e9veloppement et constituent chez l\u2019adulte une part non n\u00e9gligeable de la masse du corps humain. Pour assurer le bon renouvellement de cette masse prot\u00e9ique, l\u2019alimentation doit apporter les quantit\u00e9s suffisantes en prot\u00e9ines et notamment en acides amin\u00e9s essentiels.<\/p>\n<h2><span style=\"text-decoration: underline;\">Quelles sont les recommandations nutritionnelles en mati\u00e8re de prot\u00e9ines\u00a0?<\/span><\/h2>\n<p>La fixation des recommandations pour le besoin moyen permet de maintenir un bilan azot\u00e9 neutre. En France, il est fix\u00e9 par l\u2019Anses \u00e0 0,83 g\/kg\/j chez l\u2019adulte en bonne sant\u00e9.<\/p>\n<p>L\u2019apport prot\u00e9ique fix\u00e9 est suppos\u00e9 de bonne qualit\u00e9. Les acides amin\u00e9s indispensables doivent donc \u00eatre apport\u00e9s en quantit\u00e9 suffisante.<\/p>\n<p>Les recommandations en prot\u00e9ines ont \u00e9t\u00e9 publi\u00e9es par l\u2019Afssa en 2007 et r\u00e9affirm\u00e9es en 2016 par l\u2019ANSES<sup><a href=\"#_ftn2\" name=\"_ftnref2\">[2]<\/a> <\/sup>sur la base des \u00e9tudes du bilan azot\u00e9 et en accord avec les recommandations nord-am\u00e9ricaines (IOM 2005) et internationales (FAO 2007).<\/p>\n<p>Le comit\u00e9 d\u2019experts classe les apports en trois cat\u00e9gories<sup><a href=\"#_ftn3\" name=\"_ftnref3\">[3]<\/a>\u00a0<\/sup>pour les adultes de moins de 60 ans, non ob\u00e8se, non sportif, fonction r\u00e9nale normale et sans r\u00e9gime restrictif (l\u2019apport calorique moyen est fix\u00e9 \u00e0 33 kcal\/kg\/j)\u00a0:<\/p>\n<ul class=\"ul\">\n<li style=\"list-style-type: none;\">\n<ul class=\"ul\">\n<li style=\"list-style-type: none;\">\n<ul style=\"list-style-type: disc;\">\n<li>Apports satisfaisants\u00a0: 0,83 \u00e0 2,2 g\/kg\/j<\/li>\n<li>Apports \u00e9lev\u00e9s<a href=\"#_ftn4\" name=\"_ftnref4\">[4]<\/a>: 2,2 \u00e0 3,5 g\/kg\/j<\/li>\n<li>Apports tr\u00e8s \u00e9lev\u00e9s\u00a0: &gt; 3,5 g\/kg\/j<\/li>\n<\/ul>\n<\/li>\n<\/ul>\n<\/li>\n<\/ul>\n<p>L\u2019ANSES conseille une consommation prot\u00e9ique comprise entre 10 et 20 % de l\u2019\u00e9nergie consomm\u00e9e.<\/p>\n<h2><span style=\"text-decoration: underline;\">Quels sont les risques d\u2019une carence en prot\u00e9ines\u00a0?<\/span><\/h2>\n<p>Les prot\u00e9ines subissent dans l\u2019organisme une synth\u00e8se et une d\u00e9gradation permanente. En situation normale on note un \u00e9quilibre interne qui repose sur l\u2019apport alimentaire, la synth\u00e8se par l\u2019organisme et l\u2019excr\u00e9tion. On parle de bilan azot\u00e9. Ce bilan est \u00e9quilibr\u00e9 si la quantit\u00e9 d\u2019azote ing\u00e9r\u00e9 correspond aux pertes urinaires, f\u00e9cales ou cutan\u00e9es. Certains \u00e9tats pathologiques peuvent s\u2019accompagner d\u2019un bilan azot\u00e9 n\u00e9gatif.<\/p>\n<p><img loading=\"lazy\" decoding=\"async\" width=\"560\" height=\"315\" class=\"aligncenter size-full wp-image-9973\" src=\"https:\/\/www.lactalisingredients.com\/wp-content\/uploads\/2021\/01\/Sucronso-protC3A9ines-Fig-2-FR.png\" alt=\"M\u00e9tabolisme chez l'homme\" srcset=\"https:\/\/www.lactalisingredients.com\/wp-content\/uploads\/2021\/01\/Sucronso-protC3A9ines-Fig-2-FR.png 560w, https:\/\/www.lactalisingredients.com\/wp-content\/uploads\/2021\/01\/Sucronso-protC3A9ines-Fig-2-FR-300x169.png 300w, https:\/\/www.lactalisingredients.com\/wp-content\/uploads\/2021\/01\/Sucronso-protC3A9ines-Fig-2-FR-24x14.png 24w, https:\/\/www.lactalisingredients.com\/wp-content\/uploads\/2021\/01\/Sucronso-protC3A9ines-Fig-2-FR-36x20.png 36w, https:\/\/www.lactalisingredients.com\/wp-content\/uploads\/2021\/01\/Sucronso-protC3A9ines-Fig-2-FR-48x27.png 48w\" sizes=\"auto, (max-width: 560px) 100vw, 560px\" \/><\/p>\n<p style=\"text-align: center;\">Figure 2\u00a0: Sch\u00e9ma g\u00e9n\u00e9ral du m\u00e9tabolisme chez l\u2019homme<\/p>\n<p>Une carence azot\u00e9e peut entra\u00eener une amyotrophie par fonte musculaire, une hypoprotid\u00e9mie avec un risque de formation d\u2019\u0153d\u00e8mes, une carence ou une malnutrition. Il faut aussi noter qu\u2019en situation de je\u00fbne l\u2019organisme d\u00e9grade ses prot\u00e9ines, musculaires principalement.<\/p>\n<h2><span style=\"text-decoration: underline;\">Existe-t-il un risque \u00e0 consommer trop de prot\u00e9ines\u00a0?<\/span><\/h2>\n<p>Les dangers li\u00e9s \u00e0 une forte consommation de prot\u00e9ines sont discut\u00e9s. L\u2019Afssa en 2007 avait d\u00e9termin\u00e9 des apports sans risque sanitaire jusqu\u2019\u00e0 trois fois les recommandations.<\/p>\n<p>Le risque \u00e0 consommer trop de prot\u00e9ines pourrait \u00eatre de surcharger les reins. Lorsque la voie de synth\u00e8se des prot\u00e9ines est satur\u00e9e, les acides amin\u00e9s en exc\u00e8s sont d\u00e9samin\u00e9s produisant ainsi de l\u2019ammoniac. Cette mol\u00e9cule \u00e9tant toxique pour l\u2019organisme, elle est convertie en ur\u00e9e, ce qui se traduit donc par une augmentation de l&#8217;ur\u00e9og\u00e9n\u00e8se et de l\u2019ur\u00e9mie<sup><a style=\"color: #000000; text-decoration-line: underline; outline: 0px;\" href=\"#_ftn5\" name=\"_ftnref5\">[5<\/a><a href=\"#_ftn5\" name=\"_ftnref5\">]<\/a><\/sup><span style=\"font-size: 15.2px;\">. La question de la capacit\u00e9 maximale d\u2019ur\u00e9og\u00e9n\u00e8se pour estimer le risque d\u2019une surconsommation de prot\u00e9ines peut donc se poser.<\/span><\/p>\n<p>Mais les \u00e9tudes li\u00e9es aux cons\u00e9quences d\u2019une alimentation hyperprot\u00e9in\u00e9e comportent des biais. En effet les donn\u00e9es issues de ces \u00e9tudes ont \u00e9t\u00e9 obtenues chez des sujets non adapt\u00e9s \u00e0 des apports \u00e9lev\u00e9s, et repr\u00e9sentent donc une estimation basse des capacit\u00e9s maximales d\u2019ur\u00e9og\u00e9n\u00e8se.<\/p>\n<p>Ainsi l\u2019ANSES, dans ses recommandations, fixe une limite haute sans conclure sur une limite sup\u00e9rieure de s\u00e9curit\u00e9 \u00e9tablie afin de minimiser le risque de prise de poids.<\/p>\n<blockquote><p>des apports sans risque sanitaire jusqu\u2019\u00e0 trois fois les recommandations<\/p><\/blockquote>\n<p>Si aujourd\u2019hui aucune \u00e9tude n\u2019a \u00e9t\u00e9 en mesure de prouver un risque li\u00e9 \u00e0 une surconsommation de prot\u00e9ines, nous pouvons cependant nous interroger sur la consommation r\u00e9elle de prot\u00e9ines par rapport aux recommandations scientifiques.<\/p>\n<p>Dans les pays d\u00e9velopp\u00e9s on estime une consommation journali\u00e8re entre 100 et 120 g de prot\u00e9ines par jour dont 35 % sont d\u2019origine v\u00e9g\u00e9tale. Cela \u00e9quivaudrait \u00e0 une consommation journali\u00e8re de 1,4 \u00e0 1,7 g\/kg. \u00a0A titre d\u2019exemple, la consommation journali\u00e8re moyenne de prot\u00e9ines en France est de 83,2g soit 16,8% de l\u2019apport \u00e9nerg\u00e9tique journalier<sup><a href=\"#_ftn6\" name=\"_ftnref6\">[6]<\/a><\/sup>. La consommation de prot\u00e9ines dans les pays d\u00e9velopp\u00e9s reste donc dans les fourchettes des apports recommand\u00e9s par l\u2019ANSES.<\/p>\n<p>Dans les pays en voie de d\u00e9veloppement la consommation de prot\u00e9ines est plus faible. Les apports sont estim\u00e9s \u00e0 40-50 g par jour, soit 0.6 \u00e0 0,7g\/kg, dont 85 % sont d\u2019origine v\u00e9g\u00e9tale.<\/p>\n<p>Au vu des apports journaliers de prot\u00e9ines dans les pays d\u00e9velopp\u00e9s, mais \u00e9galement dans les pays en d\u00e9veloppement il semble que consommer trop de prot\u00e9ines soit rare.<\/p>\n<p><img loading=\"lazy\" decoding=\"async\" width=\"560\" height=\"315\" class=\"aligncenter size-full wp-image-9930\" src=\"https:\/\/www.lactalisingredients.com\/wp-content\/uploads\/2020\/12\/Surconso-prot-Fig-3-tiny.png\" alt=\"Protein over-consumption\" srcset=\"https:\/\/www.lactalisingredients.com\/wp-content\/uploads\/2020\/12\/Surconso-prot-Fig-3-tiny.png 560w, https:\/\/www.lactalisingredients.com\/wp-content\/uploads\/2020\/12\/Surconso-prot-Fig-3-tiny-300x169.png 300w, https:\/\/www.lactalisingredients.com\/wp-content\/uploads\/2020\/12\/Surconso-prot-Fig-3-tiny-24x14.png 24w, https:\/\/www.lactalisingredients.com\/wp-content\/uploads\/2020\/12\/Surconso-prot-Fig-3-tiny-36x20.png 36w, https:\/\/www.lactalisingredients.com\/wp-content\/uploads\/2020\/12\/Surconso-prot-Fig-3-tiny-48x27.png 48w\" sizes=\"auto, (max-width: 560px) 100vw, 560px\" \/><\/p>\n<p>Les prot\u00e9ines corporelles repr\u00e9sentent un capital \u00e0 pr\u00e9server. Elles doivent \u00eatre renouvel\u00e9es en permanence pour maintenir ce capital et n\u00e9cessitent donc un apport alimentaire de qualit\u00e9. Actuellement il n\u2019y a pas de risque document\u00e9 li\u00e9 \u00e0 une surconsommation de prot\u00e9ines. Il faut cependant mod\u00e9rer ce point avec la source de prot\u00e9ines que nous avons dans notre assiette, puisqu\u2019une surconsommation de viandes rouges peut pr\u00e9senter un risque cardiovasculaire.<\/p>\n<p>Les besoins doivent donc \u00eatre assur\u00e9s par la consommation de prot\u00e9ines animales et v\u00e9g\u00e9tales. Cependant la qualit\u00e9 de ces prot\u00e9ines est \u00e0 prendre en compte puisque certaines prot\u00e9ines alimentaires apportent des acides amin\u00e9s essentiels. Les prot\u00e9ines d\u2019origine animale, et notamment les <span style=\"text-decoration: underline;\"><a href=\"https:\/\/www.lactalisingredients.com\/fr\/produits-ingredients-laitiers\/proteines-et-mineraux\/\">prot\u00e9ines issues du lait<\/a><\/span>, pr\u00e9sentent un meilleur profil pour r\u00e9pondre aux besoins de l\u2019organisme et plus particuli\u00e8rement \u00e0 certaines p\u00e9riodes cl\u00e9s de la vie telles que la grossesse, la croissance, le vieillissement et dans le cadre de pathologies.<\/p>\n<p><span style=\"text-decoration: underline;\"><strong>Sources :<\/strong><\/span><\/p>\n<p><span style=\"font-size: 8pt;\"><a href=\"#_ftnref1\" name=\"_ftn1\">[1]<\/a> Oberli et al, 2015; High True Ileal Digestibility but Not Postprandial Utilization of Nitrogen from Bovine Meat Protein in Humans Is Moderately Decreased by High-Temperature<\/span><br \/>\n<span style=\"font-size: 8pt;\"><a href=\"#_ftnref2\" name=\"_ftn2\">[2]<\/a> Avis de l\u2019Anses \u2013 Saisine n\u00b02012-SA-0103<\/span><br \/>\n<span style=\"font-size: 8pt;\"><a href=\"#_ftnref3\" name=\"_ftn3\">[3]<\/a> Afssa. 2007. \u00ab\u00a0Rapport de l\u2019Afssa relatif \u00e0 l\u2019apport en prot\u00e9ines\u00a0: consommation, qualit\u00e9, besoins et recommandations\u00a0\u00bb<\/span><br \/>\n<span style=\"font-size: 8pt;\"><a href=\"#_ftnref4\" name=\"_ftn4\">[4]<\/a> D\u00e9termin\u00e9s \u00e0 partir de la capacit\u00e9 maximale d\u2019adaptation de l\u2019ur\u00e9ogen\u00e8se chez l\u2019adulte (homme de 70 kg).<\/span><br \/>\n<span style=\"font-size: 8pt;\"><a href=\"#_ftnref5\" name=\"_ftn5\">[5]<\/a> https:\/\/www.anses.fr\/fr\/system\/files\/NUT-Ra-Proteines.pdf<\/span><br \/>\n<span style=\"font-size: 8pt;\"><a href=\"#_ftnref6\" name=\"_ftn6\">[6]<\/a> Etude INCA3 (2014-2015), traitement Anses<\/span><\/p>\n","protected":false},"excerpt":{"rendered":"<p>Les prot\u00e9ines peuvent maintenant \u00eatre trouv\u00e9es dans des cat\u00e9gories de [&hellip;]<\/p>\n","protected":false},"featured_media":9923,"template":"","class_list":["post-9937","blog-post","type-blog-post","status-publish","has-post-thumbnail","hentry","blog-category-sante-et-nutrition"],"acf":[],"yoast_head":"<!-- This site is optimized with the Yoast SEO plugin v25.2 - https:\/\/yoast.com\/wordpress\/plugins\/seo\/ -->\n<title>Consommer trop de prot\u00e9ines : quels risques pour la sant\u00e9 ?<\/title>\n<meta name=\"description\" content=\"Alors que les consommateurs ont un app\u00e9tit croissant pour les prot\u00e9ines faut-il s\u2019inqui\u00e9ter de consommer trop de prot\u00e9ines ?\" \/>\n<meta name=\"robots\" content=\"index, follow, max-snippet:-1, max-image-preview:large, max-video-preview:-1\" \/>\n<link rel=\"canonical\" href=\"https:\/\/www.lactalisingredients.com\/fr\/news\/blog\/existe-t-il-un-risque-a-consommer-trop-de-proteines\/\" \/>\n<meta property=\"og:locale\" content=\"fr_FR\" \/>\n<meta property=\"og:type\" content=\"article\" \/>\n<meta property=\"og:title\" content=\"Consommer trop de prot\u00e9ines : quels risques pour la sant\u00e9 ?\" \/>\n<meta property=\"og:description\" content=\"Alors que les consommateurs ont un app\u00e9tit croissant pour les prot\u00e9ines faut-il s\u2019inqui\u00e9ter de consommer trop de prot\u00e9ines ?\" \/>\n<meta property=\"og:url\" content=\"https:\/\/www.lactalisingredients.com\/fr\/news\/blog\/existe-t-il-un-risque-a-consommer-trop-de-proteines\/\" \/>\n<meta property=\"og:site_name\" content=\"Lactalis Ingredients\" \/>\n<meta property=\"article:modified_time\" content=\"2026-02-23T14:38:30+00:00\" \/>\n<meta property=\"og:image\" content=\"https:\/\/www.lactalisingredients.com\/wp-content\/uploads\/2020\/12\/Vignette-surconso-proteines-1200x720px-tiny.png\" \/>\n\t<meta property=\"og:image:width\" content=\"1200\" \/>\n\t<meta property=\"og:image:height\" content=\"720\" \/>\n\t<meta property=\"og:image:type\" content=\"image\/png\" \/>\n<meta name=\"twitter:label1\" content=\"Est. reading time\" \/>\n\t<meta name=\"twitter:data1\" content=\"7 minutes\" \/>\n<script type=\"application\/ld+json\" class=\"yoast-schema-graph\">{\"@context\":\"https:\/\/schema.org\",\"@graph\":[{\"@type\":\"WebPage\",\"@id\":\"https:\/\/www.lactalisingredients.com\/fr\/news\/blog\/existe-t-il-un-risque-a-consommer-trop-de-proteines\/\",\"url\":\"https:\/\/www.lactalisingredients.com\/fr\/news\/blog\/existe-t-il-un-risque-a-consommer-trop-de-proteines\/\",\"name\":\"Consommer trop de prot\u00e9ines : quels risques pour la sant\u00e9 ?\",\"isPartOf\":{\"@id\":\"https:\/\/www.lactalisingredients.com\/fr\/#website\"},\"primaryImageOfPage\":{\"@id\":\"https:\/\/www.lactalisingredients.com\/fr\/news\/blog\/existe-t-il-un-risque-a-consommer-trop-de-proteines\/#primaryimage\"},\"image\":{\"@id\":\"https:\/\/www.lactalisingredients.com\/fr\/news\/blog\/existe-t-il-un-risque-a-consommer-trop-de-proteines\/#primaryimage\"},\"thumbnailUrl\":\"https:\/\/www.lactalisingredients.com\/wp-content\/uploads\/2020\/12\/Vignette-surconso-proteines-1200x720px-tiny.png\",\"datePublished\":\"2021-01-04T07:14:42+00:00\",\"dateModified\":\"2026-02-23T14:38:30+00:00\",\"description\":\"Alors que les consommateurs ont un app\u00e9tit croissant pour les prot\u00e9ines faut-il s\u2019inqui\u00e9ter de consommer trop de prot\u00e9ines ?\",\"breadcrumb\":{\"@id\":\"https:\/\/www.lactalisingredients.com\/fr\/news\/blog\/existe-t-il-un-risque-a-consommer-trop-de-proteines\/#breadcrumb\"},\"inLanguage\":\"fr-FR\",\"potentialAction\":[{\"@type\":\"ReadAction\",\"target\":[\"https:\/\/www.lactalisingredients.com\/fr\/news\/blog\/existe-t-il-un-risque-a-consommer-trop-de-proteines\/\"]}]},{\"@type\":\"ImageObject\",\"inLanguage\":\"fr-FR\",\"@id\":\"https:\/\/www.lactalisingredients.com\/fr\/news\/blog\/existe-t-il-un-risque-a-consommer-trop-de-proteines\/#primaryimage\",\"url\":\"https:\/\/www.lactalisingredients.com\/wp-content\/uploads\/2020\/12\/Vignette-surconso-proteines-1200x720px-tiny.png\",\"contentUrl\":\"https:\/\/www.lactalisingredients.com\/wp-content\/uploads\/2020\/12\/Vignette-surconso-proteines-1200x720px-tiny.png\",\"width\":1200,\"height\":720,\"caption\":\"protein\"},{\"@type\":\"BreadcrumbList\",\"@id\":\"https:\/\/www.lactalisingredients.com\/fr\/news\/blog\/existe-t-il-un-risque-a-consommer-trop-de-proteines\/#breadcrumb\",\"itemListElement\":[{\"@type\":\"ListItem\",\"position\":1,\"name\":\"Accueil\",\"item\":\"https:\/\/www.lactalisingredients.com\/fr\/\"},{\"@type\":\"ListItem\",\"position\":2,\"name\":\"Articles de blog\",\"item\":\"https:\/\/www.lactalisingredients.com\/fr\/news\/blog\/\"},{\"@type\":\"ListItem\",\"position\":3,\"name\":\"Existe-t-il un risque \u00e0 consommer trop de prot\u00e9ines ?\"}]},{\"@type\":\"WebSite\",\"@id\":\"https:\/\/www.lactalisingredients.com\/fr\/#website\",\"url\":\"https:\/\/www.lactalisingredients.com\/fr\/\",\"name\":\"Lactalis Ingredients\",\"description\":\"\",\"publisher\":{\"@id\":\"https:\/\/www.lactalisingredients.com\/fr\/#organization\"},\"potentialAction\":[{\"@type\":\"SearchAction\",\"target\":{\"@type\":\"EntryPoint\",\"urlTemplate\":\"https:\/\/www.lactalisingredients.com\/fr\/?s={search_term_string}\"},\"query-input\":{\"@type\":\"PropertyValueSpecification\",\"valueRequired\":true,\"valueName\":\"search_term_string\"}}],\"inLanguage\":\"fr-FR\"},{\"@type\":\"Organization\",\"@id\":\"https:\/\/www.lactalisingredients.com\/fr\/#organization\",\"name\":\"Lactalis Ingredients\",\"url\":\"https:\/\/www.lactalisingredients.com\/fr\/\",\"logo\":{\"@type\":\"ImageObject\",\"inLanguage\":\"fr-FR\",\"@id\":\"https:\/\/www.lactalisingredients.com\/fr\/#\/schema\/logo\/image\/\",\"url\":\"https:\/\/www.lactalisingredients.com\/wp-content\/uploads\/2019\/05\/logo-lactalise-history.jpg\",\"contentUrl\":\"https:\/\/www.lactalisingredients.com\/wp-content\/uploads\/2019\/05\/logo-lactalise-history.jpg\",\"width\":242,\"height\":81,\"caption\":\"Lactalis Ingredients\"},\"image\":{\"@id\":\"https:\/\/www.lactalisingredients.com\/fr\/#\/schema\/logo\/image\/\"}}]}<\/script>\n<!-- \/ Yoast SEO plugin. -->","yoast_head_json":{"title":"Consommer trop de prot\u00e9ines : quels risques pour la sant\u00e9 ?","description":"Alors que les consommateurs ont un app\u00e9tit croissant pour les prot\u00e9ines faut-il s\u2019inqui\u00e9ter de consommer trop de prot\u00e9ines ?","robots":{"index":"index","follow":"follow","max-snippet":"max-snippet:-1","max-image-preview":"max-image-preview:large","max-video-preview":"max-video-preview:-1"},"canonical":"https:\/\/www.lactalisingredients.com\/fr\/news\/blog\/existe-t-il-un-risque-a-consommer-trop-de-proteines\/","og_locale":"fr_FR","og_type":"article","og_title":"Consommer trop de prot\u00e9ines : quels risques pour la sant\u00e9 ?","og_description":"Alors que les consommateurs ont un app\u00e9tit croissant pour les prot\u00e9ines faut-il s\u2019inqui\u00e9ter de consommer trop de prot\u00e9ines ?","og_url":"https:\/\/www.lactalisingredients.com\/fr\/news\/blog\/existe-t-il-un-risque-a-consommer-trop-de-proteines\/","og_site_name":"Lactalis Ingredients","article_modified_time":"2026-02-23T14:38:30+00:00","og_image":[{"width":1200,"height":720,"url":"https:\/\/www.lactalisingredients.com\/wp-content\/uploads\/2020\/12\/Vignette-surconso-proteines-1200x720px-tiny.png","type":"image\/png"}],"twitter_misc":{"Est. reading time":"7 minutes"},"schema":{"@context":"https:\/\/schema.org","@graph":[{"@type":"WebPage","@id":"https:\/\/www.lactalisingredients.com\/fr\/news\/blog\/existe-t-il-un-risque-a-consommer-trop-de-proteines\/","url":"https:\/\/www.lactalisingredients.com\/fr\/news\/blog\/existe-t-il-un-risque-a-consommer-trop-de-proteines\/","name":"Consommer trop de prot\u00e9ines : quels risques pour la sant\u00e9 ?","isPartOf":{"@id":"https:\/\/www.lactalisingredients.com\/fr\/#website"},"primaryImageOfPage":{"@id":"https:\/\/www.lactalisingredients.com\/fr\/news\/blog\/existe-t-il-un-risque-a-consommer-trop-de-proteines\/#primaryimage"},"image":{"@id":"https:\/\/www.lactalisingredients.com\/fr\/news\/blog\/existe-t-il-un-risque-a-consommer-trop-de-proteines\/#primaryimage"},"thumbnailUrl":"https:\/\/www.lactalisingredients.com\/wp-content\/uploads\/2020\/12\/Vignette-surconso-proteines-1200x720px-tiny.png","datePublished":"2021-01-04T07:14:42+00:00","dateModified":"2026-02-23T14:38:30+00:00","description":"Alors que les consommateurs ont un app\u00e9tit croissant pour les prot\u00e9ines faut-il s\u2019inqui\u00e9ter de consommer trop de prot\u00e9ines ?","breadcrumb":{"@id":"https:\/\/www.lactalisingredients.com\/fr\/news\/blog\/existe-t-il-un-risque-a-consommer-trop-de-proteines\/#breadcrumb"},"inLanguage":"fr-FR","potentialAction":[{"@type":"ReadAction","target":["https:\/\/www.lactalisingredients.com\/fr\/news\/blog\/existe-t-il-un-risque-a-consommer-trop-de-proteines\/"]}]},{"@type":"ImageObject","inLanguage":"fr-FR","@id":"https:\/\/www.lactalisingredients.com\/fr\/news\/blog\/existe-t-il-un-risque-a-consommer-trop-de-proteines\/#primaryimage","url":"https:\/\/www.lactalisingredients.com\/wp-content\/uploads\/2020\/12\/Vignette-surconso-proteines-1200x720px-tiny.png","contentUrl":"https:\/\/www.lactalisingredients.com\/wp-content\/uploads\/2020\/12\/Vignette-surconso-proteines-1200x720px-tiny.png","width":1200,"height":720,"caption":"protein"},{"@type":"BreadcrumbList","@id":"https:\/\/www.lactalisingredients.com\/fr\/news\/blog\/existe-t-il-un-risque-a-consommer-trop-de-proteines\/#breadcrumb","itemListElement":[{"@type":"ListItem","position":1,"name":"Accueil","item":"https:\/\/www.lactalisingredients.com\/fr\/"},{"@type":"ListItem","position":2,"name":"Articles de blog","item":"https:\/\/www.lactalisingredients.com\/fr\/news\/blog\/"},{"@type":"ListItem","position":3,"name":"Existe-t-il un risque \u00e0 consommer trop de prot\u00e9ines ?"}]},{"@type":"WebSite","@id":"https:\/\/www.lactalisingredients.com\/fr\/#website","url":"https:\/\/www.lactalisingredients.com\/fr\/","name":"Lactalis Ingredients","description":"","publisher":{"@id":"https:\/\/www.lactalisingredients.com\/fr\/#organization"},"potentialAction":[{"@type":"SearchAction","target":{"@type":"EntryPoint","urlTemplate":"https:\/\/www.lactalisingredients.com\/fr\/?s={search_term_string}"},"query-input":{"@type":"PropertyValueSpecification","valueRequired":true,"valueName":"search_term_string"}}],"inLanguage":"fr-FR"},{"@type":"Organization","@id":"https:\/\/www.lactalisingredients.com\/fr\/#organization","name":"Lactalis Ingredients","url":"https:\/\/www.lactalisingredients.com\/fr\/","logo":{"@type":"ImageObject","inLanguage":"fr-FR","@id":"https:\/\/www.lactalisingredients.com\/fr\/#\/schema\/logo\/image\/","url":"https:\/\/www.lactalisingredients.com\/wp-content\/uploads\/2019\/05\/logo-lactalise-history.jpg","contentUrl":"https:\/\/www.lactalisingredients.com\/wp-content\/uploads\/2019\/05\/logo-lactalise-history.jpg","width":242,"height":81,"caption":"Lactalis Ingredients"},"image":{"@id":"https:\/\/www.lactalisingredients.com\/fr\/#\/schema\/logo\/image\/"}}]}},"_links":{"self":[{"href":"https:\/\/www.lactalisingredients.com\/fr\/wp-json\/wp\/v2\/blog-post\/9937","targetHints":{"allow":["GET"]}}],"collection":[{"href":"https:\/\/www.lactalisingredients.com\/fr\/wp-json\/wp\/v2\/blog-post"}],"about":[{"href":"https:\/\/www.lactalisingredients.com\/fr\/wp-json\/wp\/v2\/types\/blog-post"}],"version-history":[{"count":5,"href":"https:\/\/www.lactalisingredients.com\/fr\/wp-json\/wp\/v2\/blog-post\/9937\/revisions"}],"predecessor-version":[{"id":9975,"href":"https:\/\/www.lactalisingredients.com\/fr\/wp-json\/wp\/v2\/blog-post\/9937\/revisions\/9975"}],"wp:featuredmedia":[{"embeddable":true,"href":"https:\/\/www.lactalisingredients.com\/fr\/wp-json\/wp\/v2\/media\/9923"}],"wp:attachment":[{"href":"https:\/\/www.lactalisingredients.com\/fr\/wp-json\/wp\/v2\/media?parent=9937"}],"curies":[{"name":"wp","href":"https:\/\/api.w.org\/{rel}","templated":true}]}}