{"id":13204,"date":"2022-03-08T10:06:03","date_gmt":"2022-03-08T09:06:03","guid":{"rendered":"https:\/\/www.lactalisingredients.com\/?p=13204"},"modified":"2026-02-18T14:51:33","modified_gmt":"2026-02-18T13:51:33","slug":"nouvelle-identite-graphique-pour-les-sacs-laktodem","status":"publish","type":"post","link":"https:\/\/www.lactalisingredients.com\/fr\/news\/nouvelle-identite-graphique-pour-les-sacs-laktodem\/","title":{"rendered":"Nouvelle identit\u00e9 graphique pour les sacs LAKTODEM\u00ae"},"content":{"rendered":"<h3><em>\u00c0 partir de mars 2022, les sacs Laktodem\u00ae seront renouvel\u00e9s avec un design graphique plus moderne. Ils comporteront \u00e9galement davantage de langues et d&#8217;informations r\u00e9glementaires qu&#8217;auparavant.<\/em><\/h3>\n<p>&nbsp;<\/p>\n<h4><strong>Une identit\u00e9 visuelle d\u00e9di\u00e9e plus facilement reconnaissable<\/strong><\/h4>\n<p>Laktodem\u00ae est une marque de Lactalis Ingredients enti\u00e8rement d\u00e9di\u00e9e aux poudres de Lactos\u00e9rum D\u00e9min\u00e9ralis\u00e9 avec un taux de d\u00e9min\u00e9ralisation de 50% \u00e0 90%. Laktodem\u00ae a \u00e9t\u00e9 historiquement d\u00e9velopp\u00e9e par LactoS\u00e9rum France dont le site de production est bas\u00e9 \u00e0 Verdun dans le nord de la France. En 2015, suite au rachat de LactoS\u00e9rum France par Lactalis Ingredients, les ateliers de d\u00e9min\u00e9ralisation de l\u2019usine de Verdun ont b\u00e9n\u00e9fici\u00e9 d\u2019investissements majeurs visant \u00e0 am\u00e9liorer le process et l\u2019environnement pour une meilleure qualit\u00e9 produits.<\/p>\n<p>Dans ce contexte, il \u00e9tait temps de mettre \u00e0 jour les sacs Laktodem\u00ae avec une nouvelle identit\u00e9 graphique. Plus moderne, cette nouvelle identit\u00e9 permettra d\u2019am\u00e9liorer la visibilit\u00e9 et la lisibilit\u00e9 des sacheries Laktodem\u00ae tout en garantissant la pr\u00e9servation de la qualit\u00e9 de la poudre lors du transport et du stockage. Bien s\u00fbr, cela ne change rien \u00e0 la qualit\u00e9 du produit, qui reste exactement la m\u00eame.<\/p>\n<p>&nbsp;<\/p>\n<h4><strong>LAKTODEM\u00ae : une marque d\u00e9di\u00e9e avec une identit\u00e9 bien d\u00e9finie<\/strong><\/h4>\n<p>&nbsp;<\/p>\n<p><img loading=\"lazy\" decoding=\"async\" class=\"wp-image-13192 aligncenter\" src=\"https:\/\/www.lactalisingredients.com\/wp-content\/uploads\/2022\/03\/SITE-INTERNET-visuel-1200-x-800-px-6-LAKTODEM-XS-300x200.png\" alt=\"\" width=\"365\" height=\"243\" srcset=\"https:\/\/www.lactalisingredients.com\/wp-content\/uploads\/2022\/03\/SITE-INTERNET-visuel-1200-x-800-px-6-LAKTODEM-XS-300x200.png 300w, https:\/\/www.lactalisingredients.com\/wp-content\/uploads\/2022\/03\/SITE-INTERNET-visuel-1200-x-800-px-6-LAKTODEM-XS-1024x683.png 1024w, https:\/\/www.lactalisingredients.com\/wp-content\/uploads\/2022\/03\/SITE-INTERNET-visuel-1200-x-800-px-6-LAKTODEM-XS-768x512.png 768w, https:\/\/www.lactalisingredients.com\/wp-content\/uploads\/2022\/03\/SITE-INTERNET-visuel-1200-x-800-px-6-LAKTODEM-XS-1080x720.png 1080w, https:\/\/www.lactalisingredients.com\/wp-content\/uploads\/2022\/03\/SITE-INTERNET-visuel-1200-x-800-px-6-LAKTODEM-XS-24x16.png 24w, https:\/\/www.lactalisingredients.com\/wp-content\/uploads\/2022\/03\/SITE-INTERNET-visuel-1200-x-800-px-6-LAKTODEM-XS-36x24.png 36w, https:\/\/www.lactalisingredients.com\/wp-content\/uploads\/2022\/03\/SITE-INTERNET-visuel-1200-x-800-px-6-LAKTODEM-XS-48x32.png 48w, https:\/\/www.lactalisingredients.com\/wp-content\/uploads\/2022\/03\/SITE-INTERNET-visuel-1200-x-800-px-6-LAKTODEM-XS.png 1200w\" sizes=\"auto, (max-width: 365px) 100vw, 365px\" \/><\/p>\n<p>&nbsp;<\/p>\n<p>Les nouveaux sacs Laktodem\u00ae comporteront 6 langues et davantage d\u2019informations r\u00e9glementaires imprim\u00e9es en dur sur les sacs (par exemple, liste d&#8217;ingr\u00e9dients, composition typique, etc.) de mani\u00e8re \u00e0 limiter l&#8217;utilisation d&#8217;\u00e9tiquettes sp\u00e9cifiques. En parall\u00e8le, nous profitons de ce changement pour aligner les sacs Laktodem\u00ae sur la charte graphique Lactalis Ingredients. <strong>Le d\u00e9ploiement de cette nouvelle charte graphique sera effectif \u00e0 partir de mi-mars 2022 en production.<\/strong><\/p>\n<p>&nbsp;<\/p>\n<h4><strong>LAKTODEM\u00ae : une gamme de poudre de lactos\u00e9rum d\u00e9min\u00e9ralis\u00e9<\/strong><\/h4>\n<p>La gamme Laktodem\u00ae de Lactalis Ingredients comprend plusieurs r\u00e9f\u00e9rences dont le taux de d\u00e9min\u00e9ralisation peut varier de 50% \u00e0 90%. Chacune de ces r\u00e9f\u00e9rences permet de r\u00e9pondre \u00e0 de nombreux march\u00e9s diff\u00e9rents tels que la nutrition infantile, la nutrition adulte, la boulangerie, les m\u00e9langes, les applications laiti\u00e8res ou chocolat\u00e9es.<\/p>\n<p>Notre gamme comprend plusieurs r\u00e9f\u00e9rences :<\/p>\n<ul class=\"ul\">\n<li>Laktodem\u00ae 50<\/li>\n<li>Laktodem\u00ae 70<\/li>\n<li>Laktodem\u00ae 90<\/li>\n<li>Laktodem\u00ae WPC : concentr\u00e9 de prot\u00e9ines de lactos\u00e9rum d\u00e9min\u00e9ralis\u00e9 avec diff\u00e9rents ratios prot\u00e9iques<\/li>\n<\/ul>\n<p>L\u2019expertise Lactalis Ingredients en mati\u00e8re de s\u00e9chage et de d\u00e9min\u00e9ralisation permet de proposer des r\u00e9f\u00e9rences adapt\u00e9es \u00e0 chacun des besoins de ses clients.<\/p>\n<p>Pour plus d&#8217;informations, n\u2019h\u00e9sitez pas \u00e0 nous <a href=\"https:\/\/www.lactalisingredients.com\/fr\/contact-sent\/\">contacte<\/a>r.<\/p>\n<p>&nbsp;<\/p>\n","protected":false},"excerpt":{"rendered":"<p>\u00c0 partir de mars 2022, les sacs Laktodem\u00ae seront renouvel\u00e9s [&hellip;]<\/p>\n","protected":false},"author":2,"featured_media":13202,"comment_status":"closed","ping_status":"closed","sticky":false,"template":"","format":"standard","meta":{"_acf_changed":false,"footnotes":""},"categories":[193],"tags":[],"class_list":["post-13204","post","type-post","status-publish","format-standard","has-post-thumbnail","hentry","category-marques-et-produits"],"acf":[],"yoast_head":"<!-- This site is optimized with the Yoast SEO plugin v25.2 - https:\/\/yoast.com\/wordpress\/plugins\/seo\/ -->\n<title>Nouvelle identit\u00e9 graphique pour les sacs Laktodem\u00ae | Lactalis<\/title>\n<meta name=\"description\" content=\"Les sacs Laktodem\u00ae adoptent une nouvelle identit\u00e9 graphique plus moderne, avec plus de langues et d\u2019informations r\u00e9glementaires.\" \/>\n<meta name=\"robots\" content=\"index, follow, max-snippet:-1, max-image-preview:large, max-video-preview:-1\" \/>\n<link rel=\"canonical\" href=\"https:\/\/www.lactalisingredients.com\/fr\/news\/nouvelle-identite-graphique-pour-les-sacs-laktodem\/\" \/>\n<meta property=\"og:locale\" content=\"fr_FR\" \/>\n<meta property=\"og:type\" content=\"article\" \/>\n<meta property=\"og:title\" content=\"Nouvelle identit\u00e9 graphique pour les sacs Laktodem\u00ae | Lactalis\" \/>\n<meta property=\"og:description\" content=\"Les sacs Laktodem\u00ae adoptent une nouvelle identit\u00e9 graphique plus moderne, avec plus de langues et d\u2019informations r\u00e9glementaires.\" \/>\n<meta property=\"og:url\" content=\"https:\/\/www.lactalisingredients.com\/fr\/news\/nouvelle-identite-graphique-pour-les-sacs-laktodem\/\" \/>\n<meta property=\"og:site_name\" content=\"Lactalis Ingredients\" \/>\n<meta property=\"article:published_time\" content=\"2022-03-08T09:06:03+00:00\" \/>\n<meta property=\"article:modified_time\" content=\"2026-02-18T13:51:33+00:00\" \/>\n<meta property=\"og:image\" content=\"https:\/\/www.lactalisingredients.com\/wp-content\/uploads\/2022\/03\/Vignette-actu-laktodem-XS.png\" \/>\n\t<meta property=\"og:image:width\" content=\"1200\" \/>\n\t<meta property=\"og:image:height\" content=\"800\" \/>\n\t<meta property=\"og:image:type\" content=\"image\/png\" \/>\n<meta name=\"author\" content=\"CAROLE LOUESDON\" \/>\n<meta name=\"twitter:label1\" content=\"Written by\" \/>\n\t<meta name=\"twitter:data1\" content=\"CAROLE LOUESDON\" \/>\n\t<meta name=\"twitter:label2\" content=\"Est. reading time\" \/>\n\t<meta name=\"twitter:data2\" content=\"3 minutes\" \/>\n<script type=\"application\/ld+json\" class=\"yoast-schema-graph\">{\"@context\":\"https:\/\/schema.org\",\"@graph\":[{\"@type\":\"Article\",\"@id\":\"https:\/\/www.lactalisingredients.com\/fr\/news\/nouvelle-identite-graphique-pour-les-sacs-laktodem\/#article\",\"isPartOf\":{\"@id\":\"https:\/\/www.lactalisingredients.com\/fr\/news\/nouvelle-identite-graphique-pour-les-sacs-laktodem\/\"},\"author\":{\"name\":\"CAROLE LOUESDON\",\"@id\":\"https:\/\/www.lactalisingredients.com\/fr\/#\/schema\/person\/175b5aedb9b12458585ec766c305cde0\"},\"headline\":\"Nouvelle identit\u00e9 graphique pour les sacs LAKTODEM\u00ae\",\"datePublished\":\"2022-03-08T09:06:03+00:00\",\"dateModified\":\"2026-02-18T13:51:33+00:00\",\"mainEntityOfPage\":{\"@id\":\"https:\/\/www.lactalisingredients.com\/fr\/news\/nouvelle-identite-graphique-pour-les-sacs-laktodem\/\"},\"wordCount\":434,\"publisher\":{\"@id\":\"https:\/\/www.lactalisingredients.com\/fr\/#organization\"},\"image\":{\"@id\":\"https:\/\/www.lactalisingredients.com\/fr\/news\/nouvelle-identite-graphique-pour-les-sacs-laktodem\/#primaryimage\"},\"thumbnailUrl\":\"https:\/\/www.lactalisingredients.com\/wp-content\/uploads\/2022\/03\/Vignette-actu-laktodem-XS.png\",\"articleSection\":[\"Marques et produits\"],\"inLanguage\":\"fr-FR\"},{\"@type\":\"WebPage\",\"@id\":\"https:\/\/www.lactalisingredients.com\/fr\/news\/nouvelle-identite-graphique-pour-les-sacs-laktodem\/\",\"url\":\"https:\/\/www.lactalisingredients.com\/fr\/news\/nouvelle-identite-graphique-pour-les-sacs-laktodem\/\",\"name\":\"Nouvelle identit\u00e9 graphique pour les sacs Laktodem\u00ae | Lactalis\",\"isPartOf\":{\"@id\":\"https:\/\/www.lactalisingredients.com\/fr\/#website\"},\"primaryImageOfPage\":{\"@id\":\"https:\/\/www.lactalisingredients.com\/fr\/news\/nouvelle-identite-graphique-pour-les-sacs-laktodem\/#primaryimage\"},\"image\":{\"@id\":\"https:\/\/www.lactalisingredients.com\/fr\/news\/nouvelle-identite-graphique-pour-les-sacs-laktodem\/#primaryimage\"},\"thumbnailUrl\":\"https:\/\/www.lactalisingredients.com\/wp-content\/uploads\/2022\/03\/Vignette-actu-laktodem-XS.png\",\"datePublished\":\"2022-03-08T09:06:03+00:00\",\"dateModified\":\"2026-02-18T13:51:33+00:00\",\"description\":\"Les sacs Laktodem\u00ae adoptent une nouvelle identit\u00e9 graphique plus moderne, avec plus de langues et d\u2019informations r\u00e9glementaires.\",\"breadcrumb\":{\"@id\":\"https:\/\/www.lactalisingredients.com\/fr\/news\/nouvelle-identite-graphique-pour-les-sacs-laktodem\/#breadcrumb\"},\"inLanguage\":\"fr-FR\",\"potentialAction\":[{\"@type\":\"ReadAction\",\"target\":[\"https:\/\/www.lactalisingredients.com\/fr\/news\/nouvelle-identite-graphique-pour-les-sacs-laktodem\/\"]}]},{\"@type\":\"ImageObject\",\"inLanguage\":\"fr-FR\",\"@id\":\"https:\/\/www.lactalisingredients.com\/fr\/news\/nouvelle-identite-graphique-pour-les-sacs-laktodem\/#primaryimage\",\"url\":\"https:\/\/www.lactalisingredients.com\/wp-content\/uploads\/2022\/03\/Vignette-actu-laktodem-XS.png\",\"contentUrl\":\"https:\/\/www.lactalisingredients.com\/wp-content\/uploads\/2022\/03\/Vignette-actu-laktodem-XS.png\",\"width\":1200,\"height\":800},{\"@type\":\"BreadcrumbList\",\"@id\":\"https:\/\/www.lactalisingredients.com\/fr\/news\/nouvelle-identite-graphique-pour-les-sacs-laktodem\/#breadcrumb\",\"itemListElement\":[{\"@type\":\"ListItem\",\"position\":1,\"name\":\"Accueil\",\"item\":\"https:\/\/www.lactalisingredients.com\/fr\/\"},{\"@type\":\"ListItem\",\"position\":2,\"name\":\"Nouvelle identit\u00e9 graphique pour les sacs LAKTODEM\u00ae\"}]},{\"@type\":\"WebSite\",\"@id\":\"https:\/\/www.lactalisingredients.com\/fr\/#website\",\"url\":\"https:\/\/www.lactalisingredients.com\/fr\/\",\"name\":\"Lactalis Ingredients\",\"description\":\"\",\"publisher\":{\"@id\":\"https:\/\/www.lactalisingredients.com\/fr\/#organization\"},\"potentialAction\":[{\"@type\":\"SearchAction\",\"target\":{\"@type\":\"EntryPoint\",\"urlTemplate\":\"https:\/\/www.lactalisingredients.com\/fr\/?s={search_term_string}\"},\"query-input\":{\"@type\":\"PropertyValueSpecification\",\"valueRequired\":true,\"valueName\":\"search_term_string\"}}],\"inLanguage\":\"fr-FR\"},{\"@type\":\"Organization\",\"@id\":\"https:\/\/www.lactalisingredients.com\/fr\/#organization\",\"name\":\"Lactalis Ingredients\",\"url\":\"https:\/\/www.lactalisingredients.com\/fr\/\",\"logo\":{\"@type\":\"ImageObject\",\"inLanguage\":\"fr-FR\",\"@id\":\"https:\/\/www.lactalisingredients.com\/fr\/#\/schema\/logo\/image\/\",\"url\":\"https:\/\/www.lactalisingredients.com\/wp-content\/uploads\/2019\/05\/logo-lactalise-history.jpg\",\"contentUrl\":\"https:\/\/www.lactalisingredients.com\/wp-content\/uploads\/2019\/05\/logo-lactalise-history.jpg\",\"width\":242,\"height\":81,\"caption\":\"Lactalis Ingredients\"},\"image\":{\"@id\":\"https:\/\/www.lactalisingredients.com\/fr\/#\/schema\/logo\/image\/\"}},{\"@type\":\"Person\",\"@id\":\"https:\/\/www.lactalisingredients.com\/fr\/#\/schema\/person\/175b5aedb9b12458585ec766c305cde0\",\"name\":\"CAROLE LOUESDON\",\"image\":{\"@type\":\"ImageObject\",\"inLanguage\":\"fr-FR\",\"@id\":\"https:\/\/www.lactalisingredients.com\/fr\/#\/schema\/person\/image\/\",\"url\":\"https:\/\/secure.gravatar.com\/avatar\/b8cf48606d856719323143dcc2da05bfef2bd17a6d2d3b522333afe409d417d5?s=96&d=mm&r=g\",\"contentUrl\":\"https:\/\/secure.gravatar.com\/avatar\/b8cf48606d856719323143dcc2da05bfef2bd17a6d2d3b522333afe409d417d5?s=96&d=mm&r=g\",\"caption\":\"CAROLE LOUESDON\"}}]}<\/script>\n<!-- \/ Yoast SEO plugin. -->","yoast_head_json":{"title":"Nouvelle identit\u00e9 graphique pour les sacs Laktodem\u00ae | Lactalis","description":"Les sacs Laktodem\u00ae adoptent une nouvelle identit\u00e9 graphique plus moderne, avec plus de langues et d\u2019informations r\u00e9glementaires.","robots":{"index":"index","follow":"follow","max-snippet":"max-snippet:-1","max-image-preview":"max-image-preview:large","max-video-preview":"max-video-preview:-1"},"canonical":"https:\/\/www.lactalisingredients.com\/fr\/news\/nouvelle-identite-graphique-pour-les-sacs-laktodem\/","og_locale":"fr_FR","og_type":"article","og_title":"Nouvelle identit\u00e9 graphique pour les sacs Laktodem\u00ae | Lactalis","og_description":"Les sacs Laktodem\u00ae adoptent une nouvelle identit\u00e9 graphique plus moderne, avec plus de langues et d\u2019informations r\u00e9glementaires.","og_url":"https:\/\/www.lactalisingredients.com\/fr\/news\/nouvelle-identite-graphique-pour-les-sacs-laktodem\/","og_site_name":"Lactalis Ingredients","article_published_time":"2022-03-08T09:06:03+00:00","article_modified_time":"2026-02-18T13:51:33+00:00","og_image":[{"width":1200,"height":800,"url":"https:\/\/www.lactalisingredients.com\/wp-content\/uploads\/2022\/03\/Vignette-actu-laktodem-XS.png","type":"image\/png"}],"author":"CAROLE LOUESDON","twitter_misc":{"Written by":"CAROLE LOUESDON","Est. reading time":"3 minutes"},"schema":{"@context":"https:\/\/schema.org","@graph":[{"@type":"Article","@id":"https:\/\/www.lactalisingredients.com\/fr\/news\/nouvelle-identite-graphique-pour-les-sacs-laktodem\/#article","isPartOf":{"@id":"https:\/\/www.lactalisingredients.com\/fr\/news\/nouvelle-identite-graphique-pour-les-sacs-laktodem\/"},"author":{"name":"CAROLE LOUESDON","@id":"https:\/\/www.lactalisingredients.com\/fr\/#\/schema\/person\/175b5aedb9b12458585ec766c305cde0"},"headline":"Nouvelle identit\u00e9 graphique pour les sacs LAKTODEM\u00ae","datePublished":"2022-03-08T09:06:03+00:00","dateModified":"2026-02-18T13:51:33+00:00","mainEntityOfPage":{"@id":"https:\/\/www.lactalisingredients.com\/fr\/news\/nouvelle-identite-graphique-pour-les-sacs-laktodem\/"},"wordCount":434,"publisher":{"@id":"https:\/\/www.lactalisingredients.com\/fr\/#organization"},"image":{"@id":"https:\/\/www.lactalisingredients.com\/fr\/news\/nouvelle-identite-graphique-pour-les-sacs-laktodem\/#primaryimage"},"thumbnailUrl":"https:\/\/www.lactalisingredients.com\/wp-content\/uploads\/2022\/03\/Vignette-actu-laktodem-XS.png","articleSection":["Marques et produits"],"inLanguage":"fr-FR"},{"@type":"WebPage","@id":"https:\/\/www.lactalisingredients.com\/fr\/news\/nouvelle-identite-graphique-pour-les-sacs-laktodem\/","url":"https:\/\/www.lactalisingredients.com\/fr\/news\/nouvelle-identite-graphique-pour-les-sacs-laktodem\/","name":"Nouvelle identit\u00e9 graphique pour les sacs Laktodem\u00ae | Lactalis","isPartOf":{"@id":"https:\/\/www.lactalisingredients.com\/fr\/#website"},"primaryImageOfPage":{"@id":"https:\/\/www.lactalisingredients.com\/fr\/news\/nouvelle-identite-graphique-pour-les-sacs-laktodem\/#primaryimage"},"image":{"@id":"https:\/\/www.lactalisingredients.com\/fr\/news\/nouvelle-identite-graphique-pour-les-sacs-laktodem\/#primaryimage"},"thumbnailUrl":"https:\/\/www.lactalisingredients.com\/wp-content\/uploads\/2022\/03\/Vignette-actu-laktodem-XS.png","datePublished":"2022-03-08T09:06:03+00:00","dateModified":"2026-02-18T13:51:33+00:00","description":"Les sacs Laktodem\u00ae adoptent une nouvelle identit\u00e9 graphique plus moderne, avec plus de langues et d\u2019informations r\u00e9glementaires.","breadcrumb":{"@id":"https:\/\/www.lactalisingredients.com\/fr\/news\/nouvelle-identite-graphique-pour-les-sacs-laktodem\/#breadcrumb"},"inLanguage":"fr-FR","potentialAction":[{"@type":"ReadAction","target":["https:\/\/www.lactalisingredients.com\/fr\/news\/nouvelle-identite-graphique-pour-les-sacs-laktodem\/"]}]},{"@type":"ImageObject","inLanguage":"fr-FR","@id":"https:\/\/www.lactalisingredients.com\/fr\/news\/nouvelle-identite-graphique-pour-les-sacs-laktodem\/#primaryimage","url":"https:\/\/www.lactalisingredients.com\/wp-content\/uploads\/2022\/03\/Vignette-actu-laktodem-XS.png","contentUrl":"https:\/\/www.lactalisingredients.com\/wp-content\/uploads\/2022\/03\/Vignette-actu-laktodem-XS.png","width":1200,"height":800},{"@type":"BreadcrumbList","@id":"https:\/\/www.lactalisingredients.com\/fr\/news\/nouvelle-identite-graphique-pour-les-sacs-laktodem\/#breadcrumb","itemListElement":[{"@type":"ListItem","position":1,"name":"Accueil","item":"https:\/\/www.lactalisingredients.com\/fr\/"},{"@type":"ListItem","position":2,"name":"Nouvelle identit\u00e9 graphique pour les sacs LAKTODEM\u00ae"}]},{"@type":"WebSite","@id":"https:\/\/www.lactalisingredients.com\/fr\/#website","url":"https:\/\/www.lactalisingredients.com\/fr\/","name":"Lactalis Ingredients","description":"","publisher":{"@id":"https:\/\/www.lactalisingredients.com\/fr\/#organization"},"potentialAction":[{"@type":"SearchAction","target":{"@type":"EntryPoint","urlTemplate":"https:\/\/www.lactalisingredients.com\/fr\/?s={search_term_string}"},"query-input":{"@type":"PropertyValueSpecification","valueRequired":true,"valueName":"search_term_string"}}],"inLanguage":"fr-FR"},{"@type":"Organization","@id":"https:\/\/www.lactalisingredients.com\/fr\/#organization","name":"Lactalis Ingredients","url":"https:\/\/www.lactalisingredients.com\/fr\/","logo":{"@type":"ImageObject","inLanguage":"fr-FR","@id":"https:\/\/www.lactalisingredients.com\/fr\/#\/schema\/logo\/image\/","url":"https:\/\/www.lactalisingredients.com\/wp-content\/uploads\/2019\/05\/logo-lactalise-history.jpg","contentUrl":"https:\/\/www.lactalisingredients.com\/wp-content\/uploads\/2019\/05\/logo-lactalise-history.jpg","width":242,"height":81,"caption":"Lactalis Ingredients"},"image":{"@id":"https:\/\/www.lactalisingredients.com\/fr\/#\/schema\/logo\/image\/"}},{"@type":"Person","@id":"https:\/\/www.lactalisingredients.com\/fr\/#\/schema\/person\/175b5aedb9b12458585ec766c305cde0","name":"CAROLE LOUESDON","image":{"@type":"ImageObject","inLanguage":"fr-FR","@id":"https:\/\/www.lactalisingredients.com\/fr\/#\/schema\/person\/image\/","url":"https:\/\/secure.gravatar.com\/avatar\/b8cf48606d856719323143dcc2da05bfef2bd17a6d2d3b522333afe409d417d5?s=96&d=mm&r=g","contentUrl":"https:\/\/secure.gravatar.com\/avatar\/b8cf48606d856719323143dcc2da05bfef2bd17a6d2d3b522333afe409d417d5?s=96&d=mm&r=g","caption":"CAROLE LOUESDON"}}]}},"_links":{"self":[{"href":"https:\/\/www.lactalisingredients.com\/fr\/wp-json\/wp\/v2\/posts\/13204","targetHints":{"allow":["GET"]}}],"collection":[{"href":"https:\/\/www.lactalisingredients.com\/fr\/wp-json\/wp\/v2\/posts"}],"about":[{"href":"https:\/\/www.lactalisingredients.com\/fr\/wp-json\/wp\/v2\/types\/post"}],"author":[{"embeddable":true,"href":"https:\/\/www.lactalisingredients.com\/fr\/wp-json\/wp\/v2\/users\/2"}],"replies":[{"embeddable":true,"href":"https:\/\/www.lactalisingredients.com\/fr\/wp-json\/wp\/v2\/comments?post=13204"}],"version-history":[{"count":5,"href":"https:\/\/www.lactalisingredients.com\/fr\/wp-json\/wp\/v2\/posts\/13204\/revisions"}],"predecessor-version":[{"id":14832,"href":"https:\/\/www.lactalisingredients.com\/fr\/wp-json\/wp\/v2\/posts\/13204\/revisions\/14832"}],"wp:featuredmedia":[{"embeddable":true,"href":"https:\/\/www.lactalisingredients.com\/fr\/wp-json\/wp\/v2\/media\/13202"}],"wp:attachment":[{"href":"https:\/\/www.lactalisingredients.com\/fr\/wp-json\/wp\/v2\/media?parent=13204"}],"wp:term":[{"taxonomy":"category","embeddable":true,"href":"https:\/\/www.lactalisingredients.com\/fr\/wp-json\/wp\/v2\/categories?post=13204"},{"taxonomy":"post_tag","embeddable":true,"href":"https:\/\/www.lactalisingredients.com\/fr\/wp-json\/wp\/v2\/tags?post=13204"}],"curies":[{"name":"wp","href":"https:\/\/api.w.org\/{rel}","templated":true}]}}