{"id":8352,"date":"2020-05-14T11:22:19","date_gmt":"2020-05-14T10:22:19","guid":{"rendered":"https:\/\/www.lactalisingredients.com\/?p=8352"},"modified":"2026-03-08T17:20:27","modified_gmt":"2026-03-08T16:20:27","slug":"prolacta-dans-les-formules-infantiles-pour-contribuer-a-la-croissance-equilibree-des-jeunes-enfants","status":"publish","type":"post","link":"https:\/\/www.lactalisingredients.com\/fr\/news\/prolacta-dans-les-formules-infantiles-pour-contribuer-a-la-croissance-equilibree-des-jeunes-enfants\/","title":{"rendered":"Prolacta\u00ae dans les formules infantiles"},"content":{"rendered":"<h4><\/h4>\n<h3><em>De 1 \u00e0 4 ans, les tout-petits d\u00e9couvrent progressivement la diversification alimentaire, c\u2019est-\u00e0-dire l\u2019introduction d\u2019autres aliments que le lait dans leur alimentation. Pour faciliter cette transition et s\u2019assurer de leur fournir les nutriments essentiels, conserver un lait de croissance permet de compl\u00e9ter la diversification alimentaire initi\u00e9e. Cette \u00e9tape importante est reconnue par la majorit\u00e9 des parents, qui souhaitent que leur enfant conserve une formule infantile jusqu\u2019\u00e0 ses 3 ans[1].<\/em><\/h3>\n<p>&nbsp;<\/p>\n<p>Les formules infantiles 3<sup>\u00e8me<\/sup> \u00e2ge sont d\u00e9velopp\u00e9es pour apporter des nutriments essentiels \u00e0 la croissance et combler des d\u00e9ficiences souvent observ\u00e9es lors de cette p\u00e9riode de transition. De cette mani\u00e8re, elles contribuent au bon fonctionnement du syst\u00e8me immunitaire, au bon d\u00e9veloppement du cerveau, des os et du syst\u00e8me nerveux. De plus en plus de parents recherchent des b\u00e9n\u00e9fices particuliers pour leurs enfants, par exemple, 44% des parents chinois d\u2019enfants de 0 \u00e0 3 ans s\u2019accordent \u00e0 dire qu\u2019ils sont pr\u00e9occup\u00e9s par le retard de croissance staturale de leur enfant <span style=\"font-size: 8pt;\">[1]<\/span>. Ainsi, les formules infantiles 3<sup>\u00e8me<\/sup> \u00e2ge pr\u00e9sentent un grand int\u00e9r\u00eat dans le cadre de la diversification alimentaire.<\/p>\n<p>&nbsp;<\/p>\n<p>Pour leur assurer une bonne croissance, les jeunes enfants ont besoin d\u2019un apport en prot\u00e9ines de 0,9 \u00e0 1 g\/kg\/jour <span style=\"font-size: 8pt;\">[2]<\/span> ce qui correspond \u00e0 20% de l\u2019apport \u00e9nerg\u00e9tique total. Parmi les prot\u00e9ines, les prot\u00e9ines s\u00e9riques sont particuli\u00e8rement utilis\u00e9es dans les formules infantiles pour obtenir une formulation plus proche du lait maternel. Lactalis Ingredients a d\u00e9velopp\u00e9 Prolacta\u00ae, une prot\u00e9ine soluble du lait, directement extraite du lait par un proc\u00e9d\u00e9 physique membranaire. Ce process doux et naturel pr\u00e9serve les qualit\u00e9s nutritionnelles et fonctionnelles de la prot\u00e9ine. Il permet \u00e9galement d\u2019obtenir une prot\u00e9ine plus proche de sa forme originelle dans le lait que des prot\u00e9ines s\u00e9riques issues d\u2019un process traditionnel. La composition de Prolacta\u00ae est optimale pour les b\u00e9b\u00e9s et les jeunes enfants. Gr\u00e2ce \u00e0 sa richesse en alpha-lactalbumine et en tryptophane, Prolacta\u00ae permet de r\u00e9duire le taux prot\u00e9ique d\u2019une formule tout en conservant un apport nutritionnel ad\u00e9quat. C\u2019est un des b\u00e9n\u00e9fices majeurs de Prolacta\u00ae puisqu\u2019un apport trop \u00e9lev\u00e9 en prot\u00e9ines pendant la petite enfance peut conduire \u00e0 une augmentation du risque de surpoids et d\u2019ob\u00e9sit\u00e9 au cours de la vie.<\/p>\n<p>&nbsp;<\/p>\n<p>Les parents sont \u00e9galement soucieux de proposer \u00e0 leurs enfants des ingr\u00e9dients sains et naturels. Le march\u00e9 \u00e9volue afin de r\u00e9pondre \u00e0 cette pr\u00e9occupation puisque l\u2019all\u00e9gation \u00ab sans additifs ni conservateurs \u00bb est la plus couramment utilis\u00e9e pour les aliments pour b\u00e9b\u00e9s <span style=\"font-size: 8pt;\">[3]<\/span>. Prolacta\u00ae en tant que prot\u00e9ine soluble du lait permet un positionnement clean label. Aucun additif, ingr\u00e9dients artificiels ou chimiques n\u2019est utilis\u00e9 ; Prolacta\u00ae est un ingr\u00e9dient simple et naturel. Une des pr\u00e9occupations majeures des parents concerne les enjeux environnementaux. A titre d\u2019exemple, 48% des parents indon\u00e9siens d\u2019enfants \u00e2g\u00e9s de 0 \u00e0 3 ans recherchent des aliments et boissons dont la fabrication favorisent la protection de l\u2019environnement <span style=\"font-size: 8pt;\">[3]<\/span>. Lactalis Ingredients garantit que 92% des vaches paissent au moins 9 mois par an, ce qui permet de pr\u00e9server les paysages et de prot\u00e9ger la biodiversit\u00e9 en contribuant au renouvellement des terres. Nous pouvons ainsi proposer des <strong><a href=\"https:\/\/www.lactalisingredients.com\/fr\/news\/blog\/decryptage-la-tendance-du-lait-de-vaches-nourries-a-lherbe\/\">prot\u00e9ines grass-fed<\/a><\/strong>* de haute qualit\u00e9.<\/p>\n<p>&nbsp;<\/p>\n<p><em>Gr\u00e2ce \u00e0 ses qualit\u00e9s nutritionnelles et fonctionnelles, Prolacta\u00ae contribue \u00e0 une croissance harmonieuse et au d\u00e9veloppement \u00e9quilibr\u00e9 des tout-petits. L\u2019utilisation de Prolacta\u00ae comme source de prot\u00e9ine s\u00e9rique dans les pr\u00e9parations infantiles permet de formuler plus proche du lait maternel. Prolacta\u00ae peut \u00e9galement \u00eatre utilis\u00e9e dans les pr\u00e9parations infantiles pour les b\u00e9b\u00e9s de 0 \u00e0 12 mois.<\/em><\/p>\n<p><em>\u00a0<\/em><\/p>\n<p>Pour plus d\u2019informations concernant Prolacta\u00ae, <span style=\"text-decoration: underline;\"><strong><a href=\"https:\/\/www.lactalisingredients.com\/fr\/produits-ingredients-laitiers\/proteines-et-mineraux\/proteine-soluble-du-lait\/\">cliquez-ici<\/a>.<\/strong><\/span><\/p>\n<p>&nbsp;<\/p>\n<p><em>*grass-fed\u00a0: \u00ab\u00a0nourri \u00e0 l\u2019herbe\u00a0\u00bb est une appellation permettant de qualifier un lait provenant de vaches nourries \u00e0 l&#8217;herbe. Le mode d&#8217;\u00e9levage de cette appellation repr\u00e9sente un retour aux sources o\u00f9 les vaches ont un acc\u00e8s maximal aux p\u00e2turages.<\/em><\/p>\n<p>&nbsp;<\/p>\n<p><span style=\"font-size: 8pt;\">[1] Mintel, Specialized nutrition: infant nutrition (0-4 years),\u00a0 June 2019<br \/>\n[2] Dietary recommendations for protein intake for infants, children and adolescents, EFSA 2012\u00a0and WHO 2007<br \/>\n[3] Mintel, The future of baby food and milk, 2020<\/span><\/p>\n<p>&nbsp;<\/p>\n<p>&nbsp;<\/p>\n<p>&nbsp;<\/p>\n","protected":false},"excerpt":{"rendered":"<p>De 1 \u00e0 4 ans, les tout-petits d\u00e9couvrent progressivement la diversification alimentaire, c\u2019est-\u00e0-dire l\u2019introduction d\u2019autres aliments que le lait dans leur alimentation. <\/p>\n","protected":false},"author":2,"featured_media":8340,"comment_status":"closed","ping_status":"closed","sticky":false,"template":"","format":"standard","meta":{"_acf_changed":false,"footnotes":""},"categories":[193],"tags":[],"class_list":["post-8352","post","type-post","status-publish","format-standard","has-post-thumbnail","hentry","category-marques-et-produits"],"acf":[],"yoast_head":"<!-- This site is optimized with the Yoast SEO plugin v25.2 - https:\/\/yoast.com\/wordpress\/plugins\/seo\/ -->\n<title>Prolacta\u00ae dans les formules infantiles - Lactalis Ingredients<\/title>\n<meta name=\"description\" content=\"Les formules infantiles de la phase 3 sont d\u00e9velopp\u00e9s pour apporter les nutriments essentiels \u00e0 la croissance et pour pallier aux carences ...\" \/>\n<meta name=\"robots\" content=\"index, follow, max-snippet:-1, max-image-preview:large, max-video-preview:-1\" \/>\n<link rel=\"canonical\" href=\"https:\/\/www.lactalisingredients.com\/fr\/news\/prolacta-dans-les-formules-infantiles-pour-contribuer-a-la-croissance-equilibree-des-jeunes-enfants\/\" \/>\n<meta property=\"og:locale\" content=\"fr_FR\" \/>\n<meta property=\"og:type\" content=\"article\" \/>\n<meta property=\"og:title\" content=\"Prolacta\u00ae dans les formules infantiles - Lactalis Ingredients\" \/>\n<meta property=\"og:description\" content=\"Les formules infantiles de la phase 3 sont d\u00e9velopp\u00e9s pour apporter les nutriments essentiels \u00e0 la croissance et pour pallier aux carences ...\" \/>\n<meta property=\"og:url\" content=\"https:\/\/www.lactalisingredients.com\/fr\/news\/prolacta-dans-les-formules-infantiles-pour-contribuer-a-la-croissance-equilibree-des-jeunes-enfants\/\" \/>\n<meta property=\"og:site_name\" content=\"Lactalis Ingredients\" \/>\n<meta property=\"article:published_time\" content=\"2020-05-14T10:22:19+00:00\" \/>\n<meta property=\"article:modified_time\" content=\"2026-03-08T16:20:27+00:00\" \/>\n<meta property=\"og:image\" content=\"https:\/\/www.lactalisingredients.com\/wp-content\/uploads\/2020\/04\/Vignette-actu-prolacta-APAC.png\" \/>\n\t<meta property=\"og:image:width\" content=\"550\" \/>\n\t<meta property=\"og:image:height\" content=\"460\" \/>\n\t<meta property=\"og:image:type\" content=\"image\/png\" \/>\n<meta name=\"author\" content=\"CAROLE LOUESDON\" \/>\n<meta name=\"twitter:label1\" content=\"Written by\" \/>\n\t<meta name=\"twitter:data1\" content=\"CAROLE LOUESDON\" \/>\n\t<meta name=\"twitter:label2\" content=\"Est. reading time\" \/>\n\t<meta name=\"twitter:data2\" content=\"4 minutes\" \/>\n<script type=\"application\/ld+json\" class=\"yoast-schema-graph\">{\"@context\":\"https:\/\/schema.org\",\"@graph\":[{\"@type\":\"Article\",\"@id\":\"https:\/\/www.lactalisingredients.com\/fr\/news\/prolacta-dans-les-formules-infantiles-pour-contribuer-a-la-croissance-equilibree-des-jeunes-enfants\/#article\",\"isPartOf\":{\"@id\":\"https:\/\/www.lactalisingredients.com\/fr\/news\/prolacta-dans-les-formules-infantiles-pour-contribuer-a-la-croissance-equilibree-des-jeunes-enfants\/\"},\"author\":{\"name\":\"CAROLE LOUESDON\",\"@id\":\"https:\/\/www.lactalisingredients.com\/fr\/#\/schema\/person\/175b5aedb9b12458585ec766c305cde0\"},\"headline\":\"Prolacta\u00ae dans les formules infantiles\",\"datePublished\":\"2020-05-14T10:22:19+00:00\",\"dateModified\":\"2026-03-08T16:20:27+00:00\",\"mainEntityOfPage\":{\"@id\":\"https:\/\/www.lactalisingredients.com\/fr\/news\/prolacta-dans-les-formules-infantiles-pour-contribuer-a-la-croissance-equilibree-des-jeunes-enfants\/\"},\"wordCount\":713,\"publisher\":{\"@id\":\"https:\/\/www.lactalisingredients.com\/fr\/#organization\"},\"image\":{\"@id\":\"https:\/\/www.lactalisingredients.com\/fr\/news\/prolacta-dans-les-formules-infantiles-pour-contribuer-a-la-croissance-equilibree-des-jeunes-enfants\/#primaryimage\"},\"thumbnailUrl\":\"https:\/\/www.lactalisingredients.com\/wp-content\/uploads\/2020\/04\/Vignette-actu-prolacta-APAC.png\",\"articleSection\":[\"Marques et produits\"],\"inLanguage\":\"fr-FR\"},{\"@type\":\"WebPage\",\"@id\":\"https:\/\/www.lactalisingredients.com\/fr\/news\/prolacta-dans-les-formules-infantiles-pour-contribuer-a-la-croissance-equilibree-des-jeunes-enfants\/\",\"url\":\"https:\/\/www.lactalisingredients.com\/fr\/news\/prolacta-dans-les-formules-infantiles-pour-contribuer-a-la-croissance-equilibree-des-jeunes-enfants\/\",\"name\":\"Prolacta\u00ae dans les formules infantiles - Lactalis Ingredients\",\"isPartOf\":{\"@id\":\"https:\/\/www.lactalisingredients.com\/fr\/#website\"},\"primaryImageOfPage\":{\"@id\":\"https:\/\/www.lactalisingredients.com\/fr\/news\/prolacta-dans-les-formules-infantiles-pour-contribuer-a-la-croissance-equilibree-des-jeunes-enfants\/#primaryimage\"},\"image\":{\"@id\":\"https:\/\/www.lactalisingredients.com\/fr\/news\/prolacta-dans-les-formules-infantiles-pour-contribuer-a-la-croissance-equilibree-des-jeunes-enfants\/#primaryimage\"},\"thumbnailUrl\":\"https:\/\/www.lactalisingredients.com\/wp-content\/uploads\/2020\/04\/Vignette-actu-prolacta-APAC.png\",\"datePublished\":\"2020-05-14T10:22:19+00:00\",\"dateModified\":\"2026-03-08T16:20:27+00:00\",\"description\":\"Les formules infantiles de la phase 3 sont d\u00e9velopp\u00e9s pour apporter les nutriments essentiels \u00e0 la croissance et pour pallier aux carences ...\",\"breadcrumb\":{\"@id\":\"https:\/\/www.lactalisingredients.com\/fr\/news\/prolacta-dans-les-formules-infantiles-pour-contribuer-a-la-croissance-equilibree-des-jeunes-enfants\/#breadcrumb\"},\"inLanguage\":\"fr-FR\",\"potentialAction\":[{\"@type\":\"ReadAction\",\"target\":[\"https:\/\/www.lactalisingredients.com\/fr\/news\/prolacta-dans-les-formules-infantiles-pour-contribuer-a-la-croissance-equilibree-des-jeunes-enfants\/\"]}]},{\"@type\":\"ImageObject\",\"inLanguage\":\"fr-FR\",\"@id\":\"https:\/\/www.lactalisingredients.com\/fr\/news\/prolacta-dans-les-formules-infantiles-pour-contribuer-a-la-croissance-equilibree-des-jeunes-enfants\/#primaryimage\",\"url\":\"https:\/\/www.lactalisingredients.com\/wp-content\/uploads\/2020\/04\/Vignette-actu-prolacta-APAC.png\",\"contentUrl\":\"https:\/\/www.lactalisingredients.com\/wp-content\/uploads\/2020\/04\/Vignette-actu-prolacta-APAC.png\",\"width\":550,\"height\":460},{\"@type\":\"BreadcrumbList\",\"@id\":\"https:\/\/www.lactalisingredients.com\/fr\/news\/prolacta-dans-les-formules-infantiles-pour-contribuer-a-la-croissance-equilibree-des-jeunes-enfants\/#breadcrumb\",\"itemListElement\":[{\"@type\":\"ListItem\",\"position\":1,\"name\":\"Accueil\",\"item\":\"https:\/\/www.lactalisingredients.com\/fr\/\"},{\"@type\":\"ListItem\",\"position\":2,\"name\":\"Prolacta\u00ae dans les formules infantiles\"}]},{\"@type\":\"WebSite\",\"@id\":\"https:\/\/www.lactalisingredients.com\/fr\/#website\",\"url\":\"https:\/\/www.lactalisingredients.com\/fr\/\",\"name\":\"Lactalis Ingredients\",\"description\":\"\",\"publisher\":{\"@id\":\"https:\/\/www.lactalisingredients.com\/fr\/#organization\"},\"potentialAction\":[{\"@type\":\"SearchAction\",\"target\":{\"@type\":\"EntryPoint\",\"urlTemplate\":\"https:\/\/www.lactalisingredients.com\/fr\/?s={search_term_string}\"},\"query-input\":{\"@type\":\"PropertyValueSpecification\",\"valueRequired\":true,\"valueName\":\"search_term_string\"}}],\"inLanguage\":\"fr-FR\"},{\"@type\":\"Organization\",\"@id\":\"https:\/\/www.lactalisingredients.com\/fr\/#organization\",\"name\":\"Lactalis Ingredients\",\"url\":\"https:\/\/www.lactalisingredients.com\/fr\/\",\"logo\":{\"@type\":\"ImageObject\",\"inLanguage\":\"fr-FR\",\"@id\":\"https:\/\/www.lactalisingredients.com\/fr\/#\/schema\/logo\/image\/\",\"url\":\"https:\/\/www.lactalisingredients.com\/wp-content\/uploads\/2019\/05\/logo-lactalise-history.jpg\",\"contentUrl\":\"https:\/\/www.lactalisingredients.com\/wp-content\/uploads\/2019\/05\/logo-lactalise-history.jpg\",\"width\":242,\"height\":81,\"caption\":\"Lactalis Ingredients\"},\"image\":{\"@id\":\"https:\/\/www.lactalisingredients.com\/fr\/#\/schema\/logo\/image\/\"}},{\"@type\":\"Person\",\"@id\":\"https:\/\/www.lactalisingredients.com\/fr\/#\/schema\/person\/175b5aedb9b12458585ec766c305cde0\",\"name\":\"CAROLE LOUESDON\",\"image\":{\"@type\":\"ImageObject\",\"inLanguage\":\"fr-FR\",\"@id\":\"https:\/\/www.lactalisingredients.com\/fr\/#\/schema\/person\/image\/\",\"url\":\"https:\/\/secure.gravatar.com\/avatar\/b8cf48606d856719323143dcc2da05bfef2bd17a6d2d3b522333afe409d417d5?s=96&d=mm&r=g\",\"contentUrl\":\"https:\/\/secure.gravatar.com\/avatar\/b8cf48606d856719323143dcc2da05bfef2bd17a6d2d3b522333afe409d417d5?s=96&d=mm&r=g\",\"caption\":\"CAROLE LOUESDON\"}}]}<\/script>\n<!-- \/ Yoast SEO plugin. -->","yoast_head_json":{"title":"Prolacta\u00ae dans les formules infantiles - Lactalis Ingredients","description":"Les formules infantiles de la phase 3 sont d\u00e9velopp\u00e9s pour apporter les nutriments essentiels \u00e0 la croissance et pour pallier aux carences ...","robots":{"index":"index","follow":"follow","max-snippet":"max-snippet:-1","max-image-preview":"max-image-preview:large","max-video-preview":"max-video-preview:-1"},"canonical":"https:\/\/www.lactalisingredients.com\/fr\/news\/prolacta-dans-les-formules-infantiles-pour-contribuer-a-la-croissance-equilibree-des-jeunes-enfants\/","og_locale":"fr_FR","og_type":"article","og_title":"Prolacta\u00ae dans les formules infantiles - Lactalis Ingredients","og_description":"Les formules infantiles de la phase 3 sont d\u00e9velopp\u00e9s pour apporter les nutriments essentiels \u00e0 la croissance et pour pallier aux carences ...","og_url":"https:\/\/www.lactalisingredients.com\/fr\/news\/prolacta-dans-les-formules-infantiles-pour-contribuer-a-la-croissance-equilibree-des-jeunes-enfants\/","og_site_name":"Lactalis Ingredients","article_published_time":"2020-05-14T10:22:19+00:00","article_modified_time":"2026-03-08T16:20:27+00:00","og_image":[{"width":550,"height":460,"url":"https:\/\/www.lactalisingredients.com\/wp-content\/uploads\/2020\/04\/Vignette-actu-prolacta-APAC.png","type":"image\/png"}],"author":"CAROLE LOUESDON","twitter_misc":{"Written by":"CAROLE LOUESDON","Est. reading time":"4 minutes"},"schema":{"@context":"https:\/\/schema.org","@graph":[{"@type":"Article","@id":"https:\/\/www.lactalisingredients.com\/fr\/news\/prolacta-dans-les-formules-infantiles-pour-contribuer-a-la-croissance-equilibree-des-jeunes-enfants\/#article","isPartOf":{"@id":"https:\/\/www.lactalisingredients.com\/fr\/news\/prolacta-dans-les-formules-infantiles-pour-contribuer-a-la-croissance-equilibree-des-jeunes-enfants\/"},"author":{"name":"CAROLE LOUESDON","@id":"https:\/\/www.lactalisingredients.com\/fr\/#\/schema\/person\/175b5aedb9b12458585ec766c305cde0"},"headline":"Prolacta\u00ae dans les formules infantiles","datePublished":"2020-05-14T10:22:19+00:00","dateModified":"2026-03-08T16:20:27+00:00","mainEntityOfPage":{"@id":"https:\/\/www.lactalisingredients.com\/fr\/news\/prolacta-dans-les-formules-infantiles-pour-contribuer-a-la-croissance-equilibree-des-jeunes-enfants\/"},"wordCount":713,"publisher":{"@id":"https:\/\/www.lactalisingredients.com\/fr\/#organization"},"image":{"@id":"https:\/\/www.lactalisingredients.com\/fr\/news\/prolacta-dans-les-formules-infantiles-pour-contribuer-a-la-croissance-equilibree-des-jeunes-enfants\/#primaryimage"},"thumbnailUrl":"https:\/\/www.lactalisingredients.com\/wp-content\/uploads\/2020\/04\/Vignette-actu-prolacta-APAC.png","articleSection":["Marques et produits"],"inLanguage":"fr-FR"},{"@type":"WebPage","@id":"https:\/\/www.lactalisingredients.com\/fr\/news\/prolacta-dans-les-formules-infantiles-pour-contribuer-a-la-croissance-equilibree-des-jeunes-enfants\/","url":"https:\/\/www.lactalisingredients.com\/fr\/news\/prolacta-dans-les-formules-infantiles-pour-contribuer-a-la-croissance-equilibree-des-jeunes-enfants\/","name":"Prolacta\u00ae dans les formules infantiles - Lactalis Ingredients","isPartOf":{"@id":"https:\/\/www.lactalisingredients.com\/fr\/#website"},"primaryImageOfPage":{"@id":"https:\/\/www.lactalisingredients.com\/fr\/news\/prolacta-dans-les-formules-infantiles-pour-contribuer-a-la-croissance-equilibree-des-jeunes-enfants\/#primaryimage"},"image":{"@id":"https:\/\/www.lactalisingredients.com\/fr\/news\/prolacta-dans-les-formules-infantiles-pour-contribuer-a-la-croissance-equilibree-des-jeunes-enfants\/#primaryimage"},"thumbnailUrl":"https:\/\/www.lactalisingredients.com\/wp-content\/uploads\/2020\/04\/Vignette-actu-prolacta-APAC.png","datePublished":"2020-05-14T10:22:19+00:00","dateModified":"2026-03-08T16:20:27+00:00","description":"Les formules infantiles de la phase 3 sont d\u00e9velopp\u00e9s pour apporter les nutriments essentiels \u00e0 la croissance et pour pallier aux carences ...","breadcrumb":{"@id":"https:\/\/www.lactalisingredients.com\/fr\/news\/prolacta-dans-les-formules-infantiles-pour-contribuer-a-la-croissance-equilibree-des-jeunes-enfants\/#breadcrumb"},"inLanguage":"fr-FR","potentialAction":[{"@type":"ReadAction","target":["https:\/\/www.lactalisingredients.com\/fr\/news\/prolacta-dans-les-formules-infantiles-pour-contribuer-a-la-croissance-equilibree-des-jeunes-enfants\/"]}]},{"@type":"ImageObject","inLanguage":"fr-FR","@id":"https:\/\/www.lactalisingredients.com\/fr\/news\/prolacta-dans-les-formules-infantiles-pour-contribuer-a-la-croissance-equilibree-des-jeunes-enfants\/#primaryimage","url":"https:\/\/www.lactalisingredients.com\/wp-content\/uploads\/2020\/04\/Vignette-actu-prolacta-APAC.png","contentUrl":"https:\/\/www.lactalisingredients.com\/wp-content\/uploads\/2020\/04\/Vignette-actu-prolacta-APAC.png","width":550,"height":460},{"@type":"BreadcrumbList","@id":"https:\/\/www.lactalisingredients.com\/fr\/news\/prolacta-dans-les-formules-infantiles-pour-contribuer-a-la-croissance-equilibree-des-jeunes-enfants\/#breadcrumb","itemListElement":[{"@type":"ListItem","position":1,"name":"Accueil","item":"https:\/\/www.lactalisingredients.com\/fr\/"},{"@type":"ListItem","position":2,"name":"Prolacta\u00ae dans les formules infantiles"}]},{"@type":"WebSite","@id":"https:\/\/www.lactalisingredients.com\/fr\/#website","url":"https:\/\/www.lactalisingredients.com\/fr\/","name":"Lactalis Ingredients","description":"","publisher":{"@id":"https:\/\/www.lactalisingredients.com\/fr\/#organization"},"potentialAction":[{"@type":"SearchAction","target":{"@type":"EntryPoint","urlTemplate":"https:\/\/www.lactalisingredients.com\/fr\/?s={search_term_string}"},"query-input":{"@type":"PropertyValueSpecification","valueRequired":true,"valueName":"search_term_string"}}],"inLanguage":"fr-FR"},{"@type":"Organization","@id":"https:\/\/www.lactalisingredients.com\/fr\/#organization","name":"Lactalis Ingredients","url":"https:\/\/www.lactalisingredients.com\/fr\/","logo":{"@type":"ImageObject","inLanguage":"fr-FR","@id":"https:\/\/www.lactalisingredients.com\/fr\/#\/schema\/logo\/image\/","url":"https:\/\/www.lactalisingredients.com\/wp-content\/uploads\/2019\/05\/logo-lactalise-history.jpg","contentUrl":"https:\/\/www.lactalisingredients.com\/wp-content\/uploads\/2019\/05\/logo-lactalise-history.jpg","width":242,"height":81,"caption":"Lactalis Ingredients"},"image":{"@id":"https:\/\/www.lactalisingredients.com\/fr\/#\/schema\/logo\/image\/"}},{"@type":"Person","@id":"https:\/\/www.lactalisingredients.com\/fr\/#\/schema\/person\/175b5aedb9b12458585ec766c305cde0","name":"CAROLE LOUESDON","image":{"@type":"ImageObject","inLanguage":"fr-FR","@id":"https:\/\/www.lactalisingredients.com\/fr\/#\/schema\/person\/image\/","url":"https:\/\/secure.gravatar.com\/avatar\/b8cf48606d856719323143dcc2da05bfef2bd17a6d2d3b522333afe409d417d5?s=96&d=mm&r=g","contentUrl":"https:\/\/secure.gravatar.com\/avatar\/b8cf48606d856719323143dcc2da05bfef2bd17a6d2d3b522333afe409d417d5?s=96&d=mm&r=g","caption":"CAROLE LOUESDON"}}]}},"_links":{"self":[{"href":"https:\/\/www.lactalisingredients.com\/fr\/wp-json\/wp\/v2\/posts\/8352","targetHints":{"allow":["GET"]}}],"collection":[{"href":"https:\/\/www.lactalisingredients.com\/fr\/wp-json\/wp\/v2\/posts"}],"about":[{"href":"https:\/\/www.lactalisingredients.com\/fr\/wp-json\/wp\/v2\/types\/post"}],"author":[{"embeddable":true,"href":"https:\/\/www.lactalisingredients.com\/fr\/wp-json\/wp\/v2\/users\/2"}],"replies":[{"embeddable":true,"href":"https:\/\/www.lactalisingredients.com\/fr\/wp-json\/wp\/v2\/comments?post=8352"}],"version-history":[{"count":5,"href":"https:\/\/www.lactalisingredients.com\/fr\/wp-json\/wp\/v2\/posts\/8352\/revisions"}],"predecessor-version":[{"id":1938141,"href":"https:\/\/www.lactalisingredients.com\/fr\/wp-json\/wp\/v2\/posts\/8352\/revisions\/1938141"}],"wp:featuredmedia":[{"embeddable":true,"href":"https:\/\/www.lactalisingredients.com\/fr\/wp-json\/wp\/v2\/media\/8340"}],"wp:attachment":[{"href":"https:\/\/www.lactalisingredients.com\/fr\/wp-json\/wp\/v2\/media?parent=8352"}],"wp:term":[{"taxonomy":"category","embeddable":true,"href":"https:\/\/www.lactalisingredients.com\/fr\/wp-json\/wp\/v2\/categories?post=8352"},{"taxonomy":"post_tag","embeddable":true,"href":"https:\/\/www.lactalisingredients.com\/fr\/wp-json\/wp\/v2\/tags?post=8352"}],"curies":[{"name":"wp","href":"https:\/\/api.w.org\/{rel}","templated":true}]}}